{"id":929,"date":"2017-10-14T09:00:42","date_gmt":"2017-10-14T09:00:42","guid":{"rendered":"http:\/\/www.gallardo-llopis.com\/?p=929\/"},"modified":"2017-10-14T09:00:42","modified_gmt":"2017-10-14T09:00:42","slug":"finalists-in-the-international-competition-for-the-headquarters-of-fundacion-arquitectura-contemporanea-in-cordoba","status":"publish","type":"post","link":"https:\/\/www.gallardo-llopis.com\/en\/finalists-in-the-international-competition-for-the-headquarters-of-fundacion-arquitectura-contemporanea-in-cordoba\/","title":{"rendered":"Finalists in the international competition for the headquarters of Fundaci\u00f3n Arquitectura Contempor\u00e1nea in C\u00f3rdoba"},"content":{"rendered":"<p>The jury&#8217;s decision for the international competition for the headquarters of the Foundation for Contemporary Architecture in C\u00f3rdoba has been published and 218 proposals have been submitted.<\/p>\n<p>Gallardo Llopis Arquitectos has been awarded as one of the five winning studios of this phase and will participate in the next phase.<\/p>\n<p>The finalists are:<br \/>\nGazapo Lapayese Architects<br \/>\nCUAC Architecture<br \/>\nBurgos &#038; Garrido Architects<br \/>\nMGM Architects<br \/>\nGallardo Llopis Architects<\/p>\n","protected":false},"excerpt":{"rendered":"<p>The jury&#8217;s decision for the international competition for the headquarters of the Foundation for Contemporary Architecture in C\u00f3rdoba has been published and 218 proposals have been submitted. Gallardo Llopis Arquitectos has been awarded as one of the five winning studios&#8230;<\/p>\n","protected":false},"author":2,"featured_media":5172,"comment_status":"closed","ping_status":"open","sticky":false,"template":"","format":"standard","meta":{"footnotes":""},"categories":[8],"tags":[],"class_list":["post-929","post","type-post","status-publish","format-standard","has-post-thumbnail","hentry","category-news"],"yoast_head":"<!-- This site is optimized with the Yoast SEO plugin v27.5 - https:\/\/yoast.com\/product\/yoast-seo-wordpress\/ -->\n<title>Finalists in the international competition for the headquarters of Fundaci\u00f3n Arquitectura Contempor\u00e1nea in C\u00f3rdoba<\/title>\n<meta name=\"robots\" content=\"index, follow, max-snippet:-1, max-image-preview:large, max-video-preview:-1\" \/>\n<link rel=\"canonical\" href=\"https:\/\/www.gallardo-llopis.com\/en\/finalists-in-the-international-competition-for-the-headquarters-of-fundacion-arquitectura-contemporanea-in-cordoba\/\" \/>\n<meta property=\"og:locale\" content=\"en_US\" \/>\n<meta property=\"og:type\" content=\"article\" \/>\n<meta property=\"og:title\" content=\"Finalists in the international competition for the headquarters of Fundaci\u00f3n Arquitectura Contempor\u00e1nea in C\u00f3rdoba\" \/>\n<meta property=\"og:description\" content=\"The jury&#8217;s decision for the international competition for the headquarters of the Foundation for Contemporary Architecture in C\u00f3rdoba has been published and 218 proposals have been submitted. Gallardo Llopis Arquitectos has been awarded as one of the five winning studios...\" \/>\n<meta property=\"og:url\" content=\"https:\/\/www.gallardo-llopis.com\/en\/finalists-in-the-international-competition-for-the-headquarters-of-fundacion-arquitectura-contemporanea-in-cordoba\/\" \/>\n<meta property=\"og:site_name\" content=\"Gallardo Llopis Architects\" \/>\n<meta property=\"article:publisher\" content=\"https:\/\/www.facebook.com\/GallardoLlopisArquitectos\/\" \/>\n<meta property=\"article:published_time\" content=\"2017-10-14T09:00:42+00:00\" \/>\n<meta property=\"og:image\" content=\"https:\/\/www.gallardo-llopis.com\/wordpress\/wp-content\/uploads\/2016\/05\/100220-FAC-Finalistas-concurso-FAC-Destacada.jpg\" \/>\n\t<meta property=\"og:image:width\" content=\"1080\" \/>\n\t<meta property=\"og:image:height\" content=\"600\" \/>\n\t<meta property=\"og:image:type\" content=\"image\/jpeg\" \/>\n<meta name=\"author\" content=\"Carlos\" \/>\n<meta name=\"twitter:card\" content=\"summary_large_image\" \/>\n<meta name=\"twitter:label1\" content=\"Written by\" \/>\n\t<meta name=\"twitter:data1\" content=\"Carlos\" \/>\n<script type=\"application\/ld+json\" class=\"yoast-schema-graph\">{\"@context\":\"https:\\\/\\\/schema.org\",\"@graph\":[{\"@type\":\"Article\",\"@id\":\"https:\\\/\\\/www.gallardo-llopis.com\\\/en\\\/finalists-in-the-international-competition-for-the-headquarters-of-fundacion-arquitectura-contemporanea-in-cordoba\\\/#article\",\"isPartOf\":{\"@id\":\"https:\\\/\\\/www.gallardo-llopis.com\\\/en\\\/finalists-in-the-international-competition-for-the-headquarters-of-fundacion-arquitectura-contemporanea-in-cordoba\\\/\"},\"author\":{\"name\":\"Carlos\",\"@id\":\"https:\\\/\\\/www.gallardo-llopis.com\\\/#\\\/schema\\\/person\\\/004f35a8ea2797f7755a25531bf079af\"},\"headline\":\"Finalists in the international competition for the headquarters of Fundaci\u00f3n Arquitectura Contempor\u00e1nea in C\u00f3rdoba\",\"datePublished\":\"2017-10-14T09:00:42+00:00\",\"mainEntityOfPage\":{\"@id\":\"https:\\\/\\\/www.gallardo-llopis.com\\\/en\\\/finalists-in-the-international-competition-for-the-headquarters-of-fundacion-arquitectura-contemporanea-in-cordoba\\\/\"},\"wordCount\":84,\"publisher\":{\"@id\":\"https:\\\/\\\/www.gallardo-llopis.com\\\/#organization\"},\"image\":{\"@id\":\"https:\\\/\\\/www.gallardo-llopis.com\\\/en\\\/finalists-in-the-international-competition-for-the-headquarters-of-fundacion-arquitectura-contemporanea-in-cordoba\\\/#primaryimage\"},\"thumbnailUrl\":\"https:\\\/\\\/www.gallardo-llopis.com\\\/wordpress\\\/wp-content\\\/uploads\\\/2016\\\/05\\\/100220-FAC-Finalistas-concurso-FAC-Destacada.jpg\",\"articleSection\":[\"News\"],\"inLanguage\":\"en-US\"},{\"@type\":\"WebPage\",\"@id\":\"https:\\\/\\\/www.gallardo-llopis.com\\\/en\\\/finalists-in-the-international-competition-for-the-headquarters-of-fundacion-arquitectura-contemporanea-in-cordoba\\\/\",\"url\":\"https:\\\/\\\/www.gallardo-llopis.com\\\/en\\\/finalists-in-the-international-competition-for-the-headquarters-of-fundacion-arquitectura-contemporanea-in-cordoba\\\/\",\"name\":\"Finalists in the international competition for the headquarters of Fundaci\u00f3n Arquitectura Contempor\u00e1nea in C\u00f3rdoba\",\"isPartOf\":{\"@id\":\"https:\\\/\\\/www.gallardo-llopis.com\\\/#website\"},\"primaryImageOfPage\":{\"@id\":\"https:\\\/\\\/www.gallardo-llopis.com\\\/en\\\/finalists-in-the-international-competition-for-the-headquarters-of-fundacion-arquitectura-contemporanea-in-cordoba\\\/#primaryimage\"},\"image\":{\"@id\":\"https:\\\/\\\/www.gallardo-llopis.com\\\/en\\\/finalists-in-the-international-competition-for-the-headquarters-of-fundacion-arquitectura-contemporanea-in-cordoba\\\/#primaryimage\"},\"thumbnailUrl\":\"https:\\\/\\\/www.gallardo-llopis.com\\\/wordpress\\\/wp-content\\\/uploads\\\/2016\\\/05\\\/100220-FAC-Finalistas-concurso-FAC-Destacada.jpg\",\"datePublished\":\"2017-10-14T09:00:42+00:00\",\"breadcrumb\":{\"@id\":\"https:\\\/\\\/www.gallardo-llopis.com\\\/en\\\/finalists-in-the-international-competition-for-the-headquarters-of-fundacion-arquitectura-contemporanea-in-cordoba\\\/#breadcrumb\"},\"inLanguage\":\"en-US\",\"potentialAction\":[{\"@type\":\"ReadAction\",\"target\":[\"https:\\\/\\\/www.gallardo-llopis.com\\\/en\\\/finalists-in-the-international-competition-for-the-headquarters-of-fundacion-arquitectura-contemporanea-in-cordoba\\\/\"]}]},{\"@type\":\"ImageObject\",\"inLanguage\":\"en-US\",\"@id\":\"https:\\\/\\\/www.gallardo-llopis.com\\\/en\\\/finalists-in-the-international-competition-for-the-headquarters-of-fundacion-arquitectura-contemporanea-in-cordoba\\\/#primaryimage\",\"url\":\"https:\\\/\\\/www.gallardo-llopis.com\\\/wordpress\\\/wp-content\\\/uploads\\\/2016\\\/05\\\/100220-FAC-Finalistas-concurso-FAC-Destacada.jpg\",\"contentUrl\":\"https:\\\/\\\/www.gallardo-llopis.com\\\/wordpress\\\/wp-content\\\/uploads\\\/2016\\\/05\\\/100220-FAC-Finalistas-concurso-FAC-Destacada.jpg\",\"width\":1080,\"height\":600,\"caption\":\"Fundaci\u00f3n Arquitectura Contemporanea - Gallardo Llopis Arquitectos\"},{\"@type\":\"BreadcrumbList\",\"@id\":\"https:\\\/\\\/www.gallardo-llopis.com\\\/en\\\/finalists-in-the-international-competition-for-the-headquarters-of-fundacion-arquitectura-contemporanea-in-cordoba\\\/#breadcrumb\",\"itemListElement\":[{\"@type\":\"ListItem\",\"position\":1,\"name\":\"Portada\",\"item\":\"https:\\\/\\\/www.gallardo-llopis.com\\\/en\\\/\"},{\"@type\":\"ListItem\",\"position\":2,\"name\":\"Finalists in the international competition for the headquarters of Fundaci\u00f3n Arquitectura Contempor\u00e1nea in C\u00f3rdoba\"}]},{\"@type\":\"WebSite\",\"@id\":\"https:\\\/\\\/www.gallardo-llopis.com\\\/#website\",\"url\":\"https:\\\/\\\/www.gallardo-llopis.com\\\/\",\"name\":\"Gallardo Llopis Architects\",\"description\":\"Architecture and Design Studio - Valencia, Alicante, Ibiza and Castell\u00f3n\",\"publisher\":{\"@id\":\"https:\\\/\\\/www.gallardo-llopis.com\\\/#organization\"},\"potentialAction\":[{\"@type\":\"SearchAction\",\"target\":{\"@type\":\"EntryPoint\",\"urlTemplate\":\"https:\\\/\\\/www.gallardo-llopis.com\\\/?s={search_term_string}\"},\"query-input\":{\"@type\":\"PropertyValueSpecification\",\"valueRequired\":true,\"valueName\":\"search_term_string\"}}],\"inLanguage\":\"en-US\"},{\"@type\":\"Organization\",\"@id\":\"https:\\\/\\\/www.gallardo-llopis.com\\\/#organization\",\"name\":\"Gallardo Llopis Arquitectos\",\"url\":\"https:\\\/\\\/www.gallardo-llopis.com\\\/\",\"logo\":{\"@type\":\"ImageObject\",\"inLanguage\":\"en-US\",\"@id\":\"https:\\\/\\\/www.gallardo-llopis.com\\\/#\\\/schema\\\/logo\\\/image\\\/\",\"url\":\"https:\\\/\\\/www.gallardo-llopis.com\\\/wordpress\\\/wp-content\\\/uploads\\\/2017\\\/11\\\/logo-contacto.jpg\",\"contentUrl\":\"https:\\\/\\\/www.gallardo-llopis.com\\\/wordpress\\\/wp-content\\\/uploads\\\/2017\\\/11\\\/logo-contacto.jpg\",\"width\":768,\"height\":427,\"caption\":\"Gallardo Llopis Arquitectos\"},\"image\":{\"@id\":\"https:\\\/\\\/www.gallardo-llopis.com\\\/#\\\/schema\\\/logo\\\/image\\\/\"},\"sameAs\":[\"https:\\\/\\\/www.facebook.com\\\/GallardoLlopisArquitectos\\\/\",\"https:\\\/\\\/www.instagram.com\\\/gallardo_llopis_arquitectos\\\/\",\"https:\\\/\\\/www.linkedin.com\\\/company\\\/gallardo-llopis-arquitectos\\\/\",\"https:\\\/\\\/www.pinterest.es\\\/GallardoLlopisArquitectos\\\/\"]},{\"@type\":\"Person\",\"@id\":\"https:\\\/\\\/www.gallardo-llopis.com\\\/#\\\/schema\\\/person\\\/004f35a8ea2797f7755a25531bf079af\",\"name\":\"Carlos\",\"sameAs\":[\"http:\\\/\\\/www.gallardo-llopis.com\"],\"url\":\"https:\\\/\\\/www.gallardo-llopis.com\\\/en\\\/author\\\/admin-gla\\\/\"}]}<\/script>\n<!-- \/ Yoast SEO plugin. -->","yoast_head_json":{"title":"Finalists in the international competition for the headquarters of Fundaci\u00f3n Arquitectura Contempor\u00e1nea in C\u00f3rdoba","robots":{"index":"index","follow":"follow","max-snippet":"max-snippet:-1","max-image-preview":"max-image-preview:large","max-video-preview":"max-video-preview:-1"},"canonical":"https:\/\/www.gallardo-llopis.com\/en\/finalists-in-the-international-competition-for-the-headquarters-of-fundacion-arquitectura-contemporanea-in-cordoba\/","og_locale":"en_US","og_type":"article","og_title":"Finalists in the international competition for the headquarters of Fundaci\u00f3n Arquitectura Contempor\u00e1nea in C\u00f3rdoba","og_description":"The jury&#8217;s decision for the international competition for the headquarters of the Foundation for Contemporary Architecture in C\u00f3rdoba has been published and 218 proposals have been submitted. Gallardo Llopis Arquitectos has been awarded as one of the five winning studios...","og_url":"https:\/\/www.gallardo-llopis.com\/en\/finalists-in-the-international-competition-for-the-headquarters-of-fundacion-arquitectura-contemporanea-in-cordoba\/","og_site_name":"Gallardo Llopis Architects","article_publisher":"https:\/\/www.facebook.com\/GallardoLlopisArquitectos\/","article_published_time":"2017-10-14T09:00:42+00:00","og_image":[{"width":1080,"height":600,"url":"https:\/\/www.gallardo-llopis.com\/wordpress\/wp-content\/uploads\/2016\/05\/100220-FAC-Finalistas-concurso-FAC-Destacada.jpg","type":"image\/jpeg"}],"author":"Carlos","twitter_card":"summary_large_image","twitter_misc":{"Written by":"Carlos"},"schema":{"@context":"https:\/\/schema.org","@graph":[{"@type":"Article","@id":"https:\/\/www.gallardo-llopis.com\/en\/finalists-in-the-international-competition-for-the-headquarters-of-fundacion-arquitectura-contemporanea-in-cordoba\/#article","isPartOf":{"@id":"https:\/\/www.gallardo-llopis.com\/en\/finalists-in-the-international-competition-for-the-headquarters-of-fundacion-arquitectura-contemporanea-in-cordoba\/"},"author":{"name":"Carlos","@id":"https:\/\/www.gallardo-llopis.com\/#\/schema\/person\/004f35a8ea2797f7755a25531bf079af"},"headline":"Finalists in the international competition for the headquarters of Fundaci\u00f3n Arquitectura Contempor\u00e1nea in C\u00f3rdoba","datePublished":"2017-10-14T09:00:42+00:00","mainEntityOfPage":{"@id":"https:\/\/www.gallardo-llopis.com\/en\/finalists-in-the-international-competition-for-the-headquarters-of-fundacion-arquitectura-contemporanea-in-cordoba\/"},"wordCount":84,"publisher":{"@id":"https:\/\/www.gallardo-llopis.com\/#organization"},"image":{"@id":"https:\/\/www.gallardo-llopis.com\/en\/finalists-in-the-international-competition-for-the-headquarters-of-fundacion-arquitectura-contemporanea-in-cordoba\/#primaryimage"},"thumbnailUrl":"https:\/\/www.gallardo-llopis.com\/wordpress\/wp-content\/uploads\/2016\/05\/100220-FAC-Finalistas-concurso-FAC-Destacada.jpg","articleSection":["News"],"inLanguage":"en-US"},{"@type":"WebPage","@id":"https:\/\/www.gallardo-llopis.com\/en\/finalists-in-the-international-competition-for-the-headquarters-of-fundacion-arquitectura-contemporanea-in-cordoba\/","url":"https:\/\/www.gallardo-llopis.com\/en\/finalists-in-the-international-competition-for-the-headquarters-of-fundacion-arquitectura-contemporanea-in-cordoba\/","name":"Finalists in the international competition for the headquarters of Fundaci\u00f3n Arquitectura Contempor\u00e1nea in C\u00f3rdoba","isPartOf":{"@id":"https:\/\/www.gallardo-llopis.com\/#website"},"primaryImageOfPage":{"@id":"https:\/\/www.gallardo-llopis.com\/en\/finalists-in-the-international-competition-for-the-headquarters-of-fundacion-arquitectura-contemporanea-in-cordoba\/#primaryimage"},"image":{"@id":"https:\/\/www.gallardo-llopis.com\/en\/finalists-in-the-international-competition-for-the-headquarters-of-fundacion-arquitectura-contemporanea-in-cordoba\/#primaryimage"},"thumbnailUrl":"https:\/\/www.gallardo-llopis.com\/wordpress\/wp-content\/uploads\/2016\/05\/100220-FAC-Finalistas-concurso-FAC-Destacada.jpg","datePublished":"2017-10-14T09:00:42+00:00","breadcrumb":{"@id":"https:\/\/www.gallardo-llopis.com\/en\/finalists-in-the-international-competition-for-the-headquarters-of-fundacion-arquitectura-contemporanea-in-cordoba\/#breadcrumb"},"inLanguage":"en-US","potentialAction":[{"@type":"ReadAction","target":["https:\/\/www.gallardo-llopis.com\/en\/finalists-in-the-international-competition-for-the-headquarters-of-fundacion-arquitectura-contemporanea-in-cordoba\/"]}]},{"@type":"ImageObject","inLanguage":"en-US","@id":"https:\/\/www.gallardo-llopis.com\/en\/finalists-in-the-international-competition-for-the-headquarters-of-fundacion-arquitectura-contemporanea-in-cordoba\/#primaryimage","url":"https:\/\/www.gallardo-llopis.com\/wordpress\/wp-content\/uploads\/2016\/05\/100220-FAC-Finalistas-concurso-FAC-Destacada.jpg","contentUrl":"https:\/\/www.gallardo-llopis.com\/wordpress\/wp-content\/uploads\/2016\/05\/100220-FAC-Finalistas-concurso-FAC-Destacada.jpg","width":1080,"height":600,"caption":"Fundaci\u00f3n Arquitectura Contemporanea - Gallardo Llopis Arquitectos"},{"@type":"BreadcrumbList","@id":"https:\/\/www.gallardo-llopis.com\/en\/finalists-in-the-international-competition-for-the-headquarters-of-fundacion-arquitectura-contemporanea-in-cordoba\/#breadcrumb","itemListElement":[{"@type":"ListItem","position":1,"name":"Portada","item":"https:\/\/www.gallardo-llopis.com\/en\/"},{"@type":"ListItem","position":2,"name":"Finalists in the international competition for the headquarters of Fundaci\u00f3n Arquitectura Contempor\u00e1nea in C\u00f3rdoba"}]},{"@type":"WebSite","@id":"https:\/\/www.gallardo-llopis.com\/#website","url":"https:\/\/www.gallardo-llopis.com\/","name":"Gallardo Llopis Architects","description":"Architecture and Design Studio - Valencia, Alicante, Ibiza and Castell\u00f3n","publisher":{"@id":"https:\/\/www.gallardo-llopis.com\/#organization"},"potentialAction":[{"@type":"SearchAction","target":{"@type":"EntryPoint","urlTemplate":"https:\/\/www.gallardo-llopis.com\/?s={search_term_string}"},"query-input":{"@type":"PropertyValueSpecification","valueRequired":true,"valueName":"search_term_string"}}],"inLanguage":"en-US"},{"@type":"Organization","@id":"https:\/\/www.gallardo-llopis.com\/#organization","name":"Gallardo Llopis Arquitectos","url":"https:\/\/www.gallardo-llopis.com\/","logo":{"@type":"ImageObject","inLanguage":"en-US","@id":"https:\/\/www.gallardo-llopis.com\/#\/schema\/logo\/image\/","url":"https:\/\/www.gallardo-llopis.com\/wordpress\/wp-content\/uploads\/2017\/11\/logo-contacto.jpg","contentUrl":"https:\/\/www.gallardo-llopis.com\/wordpress\/wp-content\/uploads\/2017\/11\/logo-contacto.jpg","width":768,"height":427,"caption":"Gallardo Llopis Arquitectos"},"image":{"@id":"https:\/\/www.gallardo-llopis.com\/#\/schema\/logo\/image\/"},"sameAs":["https:\/\/www.facebook.com\/GallardoLlopisArquitectos\/","https:\/\/www.instagram.com\/gallardo_llopis_arquitectos\/","https:\/\/www.linkedin.com\/company\/gallardo-llopis-arquitectos\/","https:\/\/www.pinterest.es\/GallardoLlopisArquitectos\/"]},{"@type":"Person","@id":"https:\/\/www.gallardo-llopis.com\/#\/schema\/person\/004f35a8ea2797f7755a25531bf079af","name":"Carlos","sameAs":["http:\/\/www.gallardo-llopis.com"],"url":"https:\/\/www.gallardo-llopis.com\/en\/author\/admin-gla\/"}]}},"_links":{"self":[{"href":"https:\/\/www.gallardo-llopis.com\/en\/wp-json\/wp\/v2\/posts\/929","targetHints":{"allow":["GET"]}}],"collection":[{"href":"https:\/\/www.gallardo-llopis.com\/en\/wp-json\/wp\/v2\/posts"}],"about":[{"href":"https:\/\/www.gallardo-llopis.com\/en\/wp-json\/wp\/v2\/types\/post"}],"author":[{"embeddable":true,"href":"https:\/\/www.gallardo-llopis.com\/en\/wp-json\/wp\/v2\/users\/2"}],"replies":[{"embeddable":true,"href":"https:\/\/www.gallardo-llopis.com\/en\/wp-json\/wp\/v2\/comments?post=929"}],"version-history":[{"count":1,"href":"https:\/\/www.gallardo-llopis.com\/en\/wp-json\/wp\/v2\/posts\/929\/revisions"}],"predecessor-version":[{"id":930,"href":"https:\/\/www.gallardo-llopis.com\/en\/wp-json\/wp\/v2\/posts\/929\/revisions\/930"}],"wp:featuredmedia":[{"embeddable":true,"href":"https:\/\/www.gallardo-llopis.com\/en\/wp-json\/wp\/v2\/media\/5172"}],"wp:attachment":[{"href":"https:\/\/www.gallardo-llopis.com\/en\/wp-json\/wp\/v2\/media?parent=929"}],"wp:term":[{"taxonomy":"category","embeddable":true,"href":"https:\/\/www.gallardo-llopis.com\/en\/wp-json\/wp\/v2\/categories?post=929"},{"taxonomy":"post_tag","embeddable":true,"href":"https:\/\/www.gallardo-llopis.com\/en\/wp-json\/wp\/v2\/tags?post=929"}],"curies":[{"name":"wp","href":"https:\/\/api.w.org\/{rel}","templated":true}]}}